{"id":9619,"date":"2024-05-29T08:51:35","date_gmt":"2024-05-29T11:51:35","guid":{"rendered":"https:\/\/ipatingafc.com.br\/index.php\/2024\/05\/29\/faixas-reversiveis-da-cidade-serao-suspensas-na-sexta-feira-prefeitura-da-cidade-do-rio-de-janeiro\/"},"modified":"2024-05-29T08:51:35","modified_gmt":"2024-05-29T11:51:35","slug":"faixas-reversiveis-da-cidade-serao-suspensas-na-sexta-feira-prefeitura-da-cidade-do-rio-de-janeiro","status":"publish","type":"post","link":"https:\/\/ipatingafc.com.br\/index.php\/2024\/05\/29\/faixas-reversiveis-da-cidade-serao-suspensas-na-sexta-feira-prefeitura-da-cidade-do-rio-de-janeiro\/","title":{"rendered":"Faixas revers\u00edveis da cidade ser\u00e3o suspensas na sexta-feira &#8211; Prefeitura da Cidade do Rio de Janeiro"},"content":{"rendered":"<p><\/p>\n<div id=\"main\">\n<div class=\"wrapper-breadcrumbs\" wp_automatic_readability=\"15.948675496689\">\n<p>A CET-Rio informa que, em virtude da esperada redu\u00e7\u00e3o no volume de tr\u00e1fego na pr\u00f3xima sexta-feira (31\/5), ponto facultativo, dia seguinte ao feriado de Corpus Christi, as faixas revers\u00edveis da cidade n\u00e3o ir\u00e3o funcionar. S\u00e3o elas:<\/p>\n<p>\u00a0<\/p>\n<p><strong>Manh\u00e3<\/strong><\/p>\n<p>\u2013 Avenida L\u00facio Costa;<\/p>\n<p>\u2013 Avenida Prefeito Mendes de Moraes;<\/p>\n<p>\u2013 Avenida Niemeyer;<\/p>\n<p>\u2013 Orla da Zona Sul;<\/p>\n<p>\u2013 Avenida Governador Carlos Lacerda (Linha Amarela).<\/p>\n<p>\u00a0<\/p>\n<p><strong>Tarde\/noite<\/strong><\/p>\n<p>\u2013 Rua Jardim Bot\u00e2nico.<\/p>\n<p>Equipes da CET-Rio e da Guarda Municipal, com o apoio do Centro de Opera\u00e7\u00f5es, far\u00e3o o monitoramento\u00a0das\u00a0vias.<\/p>\n<p>             <!-- Compartilhe ---><\/p>\n<p>\t\t\t <!-- TAGS --><\/p>\n<section class=\"category-tags\">\n<div class=\"marcacao-category\">\n<article class=\"category-post\">\n<p>Categoria: <\/p>\n<\/article>\n<li>29 de maio de 2024<\/li><\/div>\n<article class=\"tags\">\n\t\t\t\t\tMarca\u00e7\u00f5es: CET-Rio Cidade Corpus Christi faixa revers\u00edvel feriado Suspens\u00e3o<br \/><\/article>\n<\/section>\n<p>            <!-- Mais Not&iacute;cias --><\/p>\n<p>\t\t<!-- Conte&uacute;do SIDEBAR --><\/p><\/div>\n<\/p><\/div>\n","protected":false},"excerpt":{"rendered":"<p>A CET-Rio informa que, em virtude da esperada redu\u00e7\u00e3o no volume de tr\u00e1fego na pr\u00f3xima&#8230;<\/p>\n","protected":false},"author":2,"featured_media":0,"comment_status":"open","ping_status":"open","sticky":false,"template":"","format":"standard","meta":{"footnotes":""},"categories":[],"tags":[],"class_list":["post-9619","post","type-post","status-publish","format-standard","hentry"],"amp_enabled":true,"_links":{"self":[{"href":"https:\/\/ipatingafc.com.br\/index.php\/wp-json\/wp\/v2\/posts\/9619","targetHints":{"allow":["GET"]}}],"collection":[{"href":"https:\/\/ipatingafc.com.br\/index.php\/wp-json\/wp\/v2\/posts"}],"about":[{"href":"https:\/\/ipatingafc.com.br\/index.php\/wp-json\/wp\/v2\/types\/post"}],"author":[{"embeddable":true,"href":"https:\/\/ipatingafc.com.br\/index.php\/wp-json\/wp\/v2\/users\/2"}],"replies":[{"embeddable":true,"href":"https:\/\/ipatingafc.com.br\/index.php\/wp-json\/wp\/v2\/comments?post=9619"}],"version-history":[{"count":0,"href":"https:\/\/ipatingafc.com.br\/index.php\/wp-json\/wp\/v2\/posts\/9619\/revisions"}],"wp:attachment":[{"href":"https:\/\/ipatingafc.com.br\/index.php\/wp-json\/wp\/v2\/media?parent=9619"}],"wp:term":[{"taxonomy":"category","embeddable":true,"href":"https:\/\/ipatingafc.com.br\/index.php\/wp-json\/wp\/v2\/categories?post=9619"},{"taxonomy":"post_tag","embeddable":true,"href":"https:\/\/ipatingafc.com.br\/index.php\/wp-json\/wp\/v2\/tags?post=9619"}],"curies":[{"name":"wp","href":"https:\/\/api.w.org\/{rel}","templated":true}]}}