{"id":9623,"date":"2024-05-29T10:25:49","date_gmt":"2024-05-29T13:25:49","guid":{"rendered":"https:\/\/ipatingafc.com.br\/index.php\/2024\/05\/29\/agencia-minas-gerais-governo-de-minas-envia-uma-tonelada-de-materiais-produzidos-por-presos-para-o-rio-grande-do-sul\/"},"modified":"2024-05-29T10:25:49","modified_gmt":"2024-05-29T13:25:49","slug":"agencia-minas-gerais-governo-de-minas-envia-uma-tonelada-de-materiais-produzidos-por-presos-para-o-rio-grande-do-sul","status":"publish","type":"post","link":"https:\/\/ipatingafc.com.br\/index.php\/2024\/05\/29\/agencia-minas-gerais-governo-de-minas-envia-uma-tonelada-de-materiais-produzidos-por-presos-para-o-rio-grande-do-sul\/","title":{"rendered":"Ag\u00eancia Minas Gerais | Governo de Minas envia uma tonelada de materiais produzidos por presos para o Rio Grande do Sul"},"content":{"rendered":"<p><\/p>\n<div>\n<section class=\"news-related \/ col-md-4 col-lg-3 \/ margin-md-bottom-2 margin-left-1 \/ pull-right \/ hidden-xs hidden-sm\">\n<header>\n<p class=\"text-title-section \/ margin-bottom-1\">Relacionadas<\/p>\n<\/header>\n<p>\t\t\t\t\t\t\t<main><\/p>\n<hr class=\"row margin-md-bottom-2\"\/>\n\t\t\t\t\t\t\t<\/main><br \/>\n\t\t\t\t\t\t<\/section>\n<p>Trinta e dois mil absorventes e 266 pacotes de fraldas infantis, totalmente fabricados dentro do sistema prisional de Minas Gerais, fazem parte de um carregamento com uma tonelada\u00a0de itens produzidos por custodiados que ser\u00e3o destinados ao Rio Grande do Sul.<\/p>\n<p>Produtos de higiene, como absorventes \u00edntimos e fraldas, s\u00e3o muito requisitados em situa\u00e7\u00f5es de cat\u00e1strofes, mas pouco doados. Pensando nisso, o Governo de Minas, por meio do Departamento Penitenci\u00e1rio de Minas Gerais (Depen-MG) fez uma for\u00e7a-tarefa na produ\u00e7\u00e3o da linha &#8220;Liberdade em Ciclos&#8221; para encher uma carreta nesta quarta-feira (29\/5) com esses e outros produtos.<\/p>\n<p>O Projeto Liberdade em Ciclos \u00e9 refer\u00eancia no pa\u00eds na produ\u00e7\u00e3o de absorventes \u00edntimos e fraldas. Os itens produzidos com total certifica\u00e7\u00e3o de qualidade s\u00e3o para consumo das pr\u00f3prias custodiadas de Minas e o excedente \u00e9 doado para institui\u00e7\u00f5es que atendem mulheres e meninas em situa\u00e7\u00e3o de vulnerabilidade social e escolas p\u00fablicas.<\/p>\n<p>Lorenna Alves est\u00e1 no Complexo Penitenci\u00e1rio Feminino Estev\u00e3o Pinto, em Belo Horizonte, e trabalha diariamente na f\u00e1brica produzindo os absorventes que ser\u00e3o doados. &#8220;Para mim, \u00e9 uma satisfa\u00e7\u00e3o saber que o que estamos produzindo aqui dentro ir\u00e1 ajudar tantas mulheres l\u00e1 fora. \u00c9 bom saber que vamos ajudar pessoas que est\u00e3o em uma situa\u00e7\u00e3o t\u00e3o dif\u00edcil no Rio Grande do Sul&#8221;, comenta.<\/p>\n<p><strong>Mais doa\u00e7\u00f5es<\/strong><\/p>\n<p>Al\u00e9m das fraldas e absorventes, est\u00e3o entre as doa\u00e7\u00f5es 2.680 brinquedos educativos produzidos no Projeto F\u00e1brica da Alegria, com foco na ressocializa\u00e7\u00e3o e profissionaliza\u00e7\u00e3o de custodiados. Em 2023, 15 mil brinquedos foram fabricados por presos e distribu\u00eddos para milhares de crian\u00e7as carentes de Minas.<\/p>\n<p>Duzentas vassouras vindas do Pres\u00eddio de Itajub\u00e1, feitas com garrafas PET, altamente resistentes e pr\u00f3prias para limpezas mais pesadas \u2013 como ruas e cal\u00e7adas \u2013 tamb\u00e9m est\u00e3o\u00a0 entre os itens que foram enviados nesta manh\u00e3 ao Servi\u00e7o Social Aut\u00f4nomo (Servas). A equipe da unidade se esfor\u00e7ou para conseguir doa\u00e7\u00f5es de cabos de madeira e garrafas PET e os presos produziram em tempo recorde as 200 vassouras.<\/p>\n<p>Ainda, 111 caminhas para c\u00e3es e 200 colchas, todas produzidas por custodiados, est\u00e3o entre as doa\u00e7\u00f5es. Cem mil m\u00e1scaras hospitalares e 1.365 aventais refor\u00e7ar\u00e3o as doa\u00e7\u00f5es para as unidades de sa\u00fade daquele estado. Tudo 100% produzido em pres\u00eddios e penitenci\u00e1rias do Estado.<\/p>\n<p><strong>Atua\u00e7\u00e3o policial<\/strong><\/p>\n<p>Trinta policiais penais do Comando de Opera\u00e7\u00f5es Especiais (Cope) est\u00e3o h\u00e1 quase 20 dias no Rio Grande do Sul. Eles sa\u00edram de Belo Horizonte para refor\u00e7ar a seguran\u00e7a nas unidades prisionais ga\u00fachas e minimizar qualquer vulnerabilidade. L\u00e1 eles realizam transfer\u00eancia de detentos, escoltas hospitalares e atuam nas muralhas e portaria da Penitenci\u00e1ria de Alta Seguran\u00e7a de Charqueadas.<\/p>\n<p>\u201cFica o agradecimento aos colegas do Cope de Minas Gerais de aqui est\u00e3o nos apoiando e auxiliando neste momento t\u00e3o cr\u00edtico desta crise clim\u00e1tica que assolou o estado inteiro. Excelente trabalho realizado em nosso sistema prisional\u201d, destaca o diretor da Penitenci\u00e1ria de Alta Seguran\u00e7a de Charqueadas (RS), Roque Alexandre.<\/p>\n<\/p><\/div>\n","protected":false},"excerpt":{"rendered":"<p>Relacionadas Trinta e dois mil absorventes e 266 pacotes de fraldas infantis, totalmente fabricados dentro&#8230;<\/p>\n","protected":false},"author":2,"featured_media":0,"comment_status":"open","ping_status":"open","sticky":false,"template":"","format":"standard","meta":{"footnotes":""},"categories":[],"tags":[],"class_list":["post-9623","post","type-post","status-publish","format-standard","hentry"],"amp_enabled":true,"_links":{"self":[{"href":"https:\/\/ipatingafc.com.br\/index.php\/wp-json\/wp\/v2\/posts\/9623","targetHints":{"allow":["GET"]}}],"collection":[{"href":"https:\/\/ipatingafc.com.br\/index.php\/wp-json\/wp\/v2\/posts"}],"about":[{"href":"https:\/\/ipatingafc.com.br\/index.php\/wp-json\/wp\/v2\/types\/post"}],"author":[{"embeddable":true,"href":"https:\/\/ipatingafc.com.br\/index.php\/wp-json\/wp\/v2\/users\/2"}],"replies":[{"embeddable":true,"href":"https:\/\/ipatingafc.com.br\/index.php\/wp-json\/wp\/v2\/comments?post=9623"}],"version-history":[{"count":0,"href":"https:\/\/ipatingafc.com.br\/index.php\/wp-json\/wp\/v2\/posts\/9623\/revisions"}],"wp:attachment":[{"href":"https:\/\/ipatingafc.com.br\/index.php\/wp-json\/wp\/v2\/media?parent=9623"}],"wp:term":[{"taxonomy":"category","embeddable":true,"href":"https:\/\/ipatingafc.com.br\/index.php\/wp-json\/wp\/v2\/categories?post=9623"},{"taxonomy":"post_tag","embeddable":true,"href":"https:\/\/ipatingafc.com.br\/index.php\/wp-json\/wp\/v2\/tags?post=9623"}],"curies":[{"name":"wp","href":"https:\/\/api.w.org\/{rel}","templated":true}]}}