{"id":9627,"date":"2024-05-29T12:00:37","date_gmt":"2024-05-29T15:00:37","guid":{"rendered":"https:\/\/ipatingafc.com.br\/index.php\/2024\/05\/29\/equipes-do-programa-humanizacao-inverno-acolhem-36-pessoas-em-situacao-de-rua-nesta-terca-feira-28-agencia-de-noticias\/"},"modified":"2024-05-29T12:00:37","modified_gmt":"2024-05-29T15:00:37","slug":"equipes-do-programa-humanizacao-inverno-acolhem-36-pessoas-em-situacao-de-rua-nesta-terca-feira-28-agencia-de-noticias","status":"publish","type":"post","link":"https:\/\/ipatingafc.com.br\/index.php\/2024\/05\/29\/equipes-do-programa-humanizacao-inverno-acolhem-36-pessoas-em-situacao-de-rua-nesta-terca-feira-28-agencia-de-noticias\/","title":{"rendered":"Equipes do programa \u201cHumanizA\u00e7\u00e3o Inverno\u201d acolhem 36 pessoas em situa\u00e7\u00e3o de rua nesta ter\u00e7a-feira (28) \u2013 Ag\u00eancia de Not\u00edcias"},"content":{"rendered":"<p><\/p>\n<div>\n<div class=\"col\">\n<p class=\"mt-0\">\n                        <strong><br \/>\n                            <span class=\"far fa-calendar mr-1 mt-2\"\/><br \/>\n                            29 de maio de 2024<br \/>\n                            <span class=\"far fa-clock ml-3 mt-2\"\/><br \/>\n                            11:07<br \/>\n                        <\/strong>\n                    <\/p>\n<p class=\"mb-0\">Por: <strong>Isabely Sette (supervis\u00e3o de est\u00e1gio: Luis Gustavo Adabro)<\/strong><\/p>\n<\/p><\/div>\n<\/p><\/div>\n<div>\n<p><img loading=\"lazy\" decoding=\"async\" class=\"aligncenter size-full wp-image-132951\" src=\"http:\/\/noticias.sorocaba.sp.gov.br\/wp-content\/uploads\/2024\/03\/noticias.sorocaba.sp.gov.br-programa-humanizacao-acolhe-21-pessoas-em-situacao-de-rua-nesta-quarta-feira-6-1.jpg\" alt=\"\" width=\"768\" height=\"546\" srcset=\"https:\/\/noticias.sorocaba.sp.gov.br\/wp-content\/uploads\/2024\/03\/noticias.sorocaba.sp.gov.br-programa-humanizacao-acolhe-21-pessoas-em-situacao-de-rua-nesta-quarta-feira-6-1.jpg 768w, https:\/\/noticias.sorocaba.sp.gov.br\/wp-content\/uploads\/2024\/03\/noticias.sorocaba.sp.gov.br-programa-humanizacao-acolhe-21-pessoas-em-situacao-de-rua-nesta-quarta-feira-6-1-300x213.jpg 300w\" sizes=\"auto, (max-width: 768px) 100vw, 768px\"\/><\/p>\n<p>As equipes do programa \u201cHumanizA\u00e7\u00e3o Inverno\u201d promoveram, nesta ter\u00e7a-feira (28), atendimentos a 66 pessoas em situa\u00e7\u00e3o de rua, em diferentes pontos da cidade. Dessas, 36 aceitaram receber acolhimento na entidade Servi\u00e7o de Obras Sociais (SOS), onde s\u00e3o disponibilizados, al\u00e9m do pernoite, alimenta\u00e7\u00e3o completa, roupas e toalhas, banho e cuidados de higiene. Al\u00e9m de servi\u00e7os em sa\u00fade, sempre que necess\u00e1rio.<\/p>\n<p>As equipes percorreram os seguintes endere\u00e7os: Pra\u00e7a Cel. Fernando Prestes, Largo do Divino, Avenida Dr. Armando Pannunzio, Rua Vilarino P\u00edres Nogueira, Rua S\u00f4nia Bernuncio, Pra\u00e7a M\u00e3e Preta, Pra\u00e7a Pio XII, Ponte Salom\u00e3o Pavlovsky, Rua Padre Lara de Moraes, Rua Belmiro Moreira Soares, Rua Leopoldo Machado, Rua Finl\u00e2ndia, Pra\u00e7a Castro Alves, Avenida Londres, Avenida Olinda Aires Paulete, Pra\u00e7a Comendador Nicolau Scarpa, Rua Jos\u00e9 Maria Hidalgo, Rua Rosa Maria de Oliveira, Avenida Dr. Ulysses Guimar\u00e3es, Avenida Moreira C\u00e9sar, Pra\u00e7a Frei Bara\u00fana, Rua Dante Catuzo, Rua Humberto de Campos, Rua Rosa Maria de Oliveira, Avenida Gen. Carneiro, Rua Jos\u00e9 Martins, Avenida Cel. Nogueira Padilha, Rua Ant\u00f4nio Soares, Pra\u00e7a da Bandeira e imedia\u00e7\u00f5es da Rodovi\u00e1ria.<\/p>\n<p>O \u201cHumanizA\u00e7\u00e3o\u201d \u00e9 realizado de forma integrada por equipes da Secretaria do Gabinete Central (SGC), Secretaria de Seguran\u00e7a Urbana (Sesu), Secretaria da Cidadania (Secid), com sua Coordenadoria de \u00c1lcool e Outras Drogas junto \u00e0 Divis\u00e3o de Pol\u00edtica para Pessoas em Situa\u00e7\u00e3o de Rua, al\u00e9m da Secretaria da Sa\u00fade (SES). Tamb\u00e9m conta com o importante aux\u00edlio da Guarda Civil Municipal (GCM), Secretaria de Rela\u00e7\u00f5es do Trabalho e Qualifica\u00e7\u00e3o Profissional (Sert), Secretaria de Servi\u00e7os P\u00fablicos e Obras (Serpo), Secretaria de Mobilidade (Semob) e Urbes \u2013 Tr\u00e2nsito e Transportes.<\/p>\n<p><strong>Saiba como ajudar<\/strong><\/p>\n<p>A popula\u00e7\u00e3o pode sempre colaborar com o programa, informando os locais da cidade onde haja pessoas em situa\u00e7\u00e3o de rua necessitando de cuidados e acolhimento, assim como doando roupas, cobertores e alimentos. O contato pode ser feito pelo WhatsApp: (15) 99666-2636, que pode ser acessado 24h por dia, ou pelos telefones: (15) 3229-0777, do SOS; (15) 3212-6900, da Secretaria da Cidadania e 153, da GCM.<\/p>\n<\/p><\/div>\n","protected":false},"excerpt":{"rendered":"<p>29 de maio de 2024 11:07 Por: Isabely Sette (supervis\u00e3o de est\u00e1gio: Luis Gustavo Adabro)&#8230;<\/p>\n","protected":false},"author":2,"featured_media":0,"comment_status":"open","ping_status":"open","sticky":false,"template":"","format":"standard","meta":{"footnotes":""},"categories":[],"tags":[],"class_list":["post-9627","post","type-post","status-publish","format-standard","hentry"],"amp_enabled":true,"_links":{"self":[{"href":"https:\/\/ipatingafc.com.br\/index.php\/wp-json\/wp\/v2\/posts\/9627","targetHints":{"allow":["GET"]}}],"collection":[{"href":"https:\/\/ipatingafc.com.br\/index.php\/wp-json\/wp\/v2\/posts"}],"about":[{"href":"https:\/\/ipatingafc.com.br\/index.php\/wp-json\/wp\/v2\/types\/post"}],"author":[{"embeddable":true,"href":"https:\/\/ipatingafc.com.br\/index.php\/wp-json\/wp\/v2\/users\/2"}],"replies":[{"embeddable":true,"href":"https:\/\/ipatingafc.com.br\/index.php\/wp-json\/wp\/v2\/comments?post=9627"}],"version-history":[{"count":0,"href":"https:\/\/ipatingafc.com.br\/index.php\/wp-json\/wp\/v2\/posts\/9627\/revisions"}],"wp:attachment":[{"href":"https:\/\/ipatingafc.com.br\/index.php\/wp-json\/wp\/v2\/media?parent=9627"}],"wp:term":[{"taxonomy":"category","embeddable":true,"href":"https:\/\/ipatingafc.com.br\/index.php\/wp-json\/wp\/v2\/categories?post=9627"},{"taxonomy":"post_tag","embeddable":true,"href":"https:\/\/ipatingafc.com.br\/index.php\/wp-json\/wp\/v2\/tags?post=9627"}],"curies":[{"name":"wp","href":"https:\/\/api.w.org\/{rel}","templated":true}]}}