{"id":9629,"date":"2024-05-29T12:47:28","date_gmt":"2024-05-29T15:47:28","guid":{"rendered":"https:\/\/ipatingafc.com.br\/index.php\/2024\/05\/29\/maratona-do-rio-2024-comeca-nesta-quinta-feira-com-recorde-de-inscritos-45-mil-corredores-prefeitura-da-cidade-do-rio-de-janeiro\/"},"modified":"2024-05-29T12:47:28","modified_gmt":"2024-05-29T15:47:28","slug":"maratona-do-rio-2024-comeca-nesta-quinta-feira-com-recorde-de-inscritos-45-mil-corredores-prefeitura-da-cidade-do-rio-de-janeiro","status":"publish","type":"post","link":"https:\/\/ipatingafc.com.br\/index.php\/2024\/05\/29\/maratona-do-rio-2024-comeca-nesta-quinta-feira-com-recorde-de-inscritos-45-mil-corredores-prefeitura-da-cidade-do-rio-de-janeiro\/","title":{"rendered":"Maratona do Rio 2024 come\u00e7a nesta quinta-feira com recorde de inscritos: 45 mil corredores &#8211; Prefeitura da Cidade do Rio de Janeiro"},"content":{"rendered":"<p><\/p>\n<div id=\"main\">\n<div class=\"wrapper-breadcrumbs\" wp_automatic_readability=\"51.650203370134\">\n<div class=\"image-post\" wp_automatic_readability=\"32\">\n                     <img loading=\"lazy\" decoding=\"async\" width=\"984\" height=\"656\" srcset=\"https:\/\/prefeitura.rio\/wp-content\/uploads\/2024\/05\/WhatsApp-Image-2024-05-29-at-12.09.23.jpeg 984w, https:\/\/prefeitura.rio\/wp-content\/uploads\/2024\/05\/WhatsApp-Image-2024-05-29-at-12.09.23-360x240.jpeg 360w, https:\/\/prefeitura.rio\/wp-content\/uploads\/2024\/05\/WhatsApp-Image-2024-05-29-at-12.09.23-600x400.jpeg 600w, https:\/\/prefeitura.rio\/wp-content\/uploads\/2024\/05\/WhatsApp-Image-2024-05-29-at-12.09.23-768x512.jpeg 768w\" src=\"https:\/\/prefeitura.rio\/wp-content\/uploads\/2024\/05\/WhatsApp-Image-2024-05-29-at-12.09.23.jpeg\" class=\"attachment-post-thumbnail size-post-thumbnail wp-post-image lazyload\" alt=\"\" sizes=\"auto, (max-width: 984px) 100vw, 984px\"\/>A maratona foi um sucesso no ano passado &#8211; Prefeitura do Rio                  <\/div>\n<p>Maior festival de corridas de rua da Am\u00e9rica Latina, a 22\u00aa Maratona do Rio 2024 ser\u00e1 realizada a partir desta quinta-feira (30\/5) e promete agitar a cidade com tr\u00eas dias de provas. S\u00e3o 45 mil atletas, recorde de inscritos, em quatro dist\u00e2ncias: 5 km, 10 km, 21 km e 42 km. De acordo com a organiza\u00e7\u00e3o do evento, 81% dos corredores s\u00e3o de fora do Rio de Janeiro. Haver\u00e1 tamb\u00e9m o Desafio Cidade Maravilhosa, uma prova de 63 km disputada no s\u00e1bado e no domingo (1[ e 2\/6), na qual os participantes t\u00eam de correr 21 km num dia e 42 km no outro.<\/p>\n<blockquote wp_automatic_readability=\"13\">\n<p>\u2013 A Maratona do Rio \u00e9 sem d\u00favidas um dos eventos mais aguardados do ano na cidade. Estou muito feliz que a Secretaria Municipal de Esportes est\u00e1 apoiando novamente o maior festival de corridas de rua da Am\u00e9rica Latina. S\u00e3o atletas do exterior e de todo o Brasil disputando as provas com muita energia, supera\u00e7\u00e3o e, claro, total seguran\u00e7a. Diversos turistas na cidade, empregos gerados e o impacto econ\u00f4mico maravilhoso \u2013 afirma o secret\u00e1rio de Esportes, Guilherme Schleder.<\/p>\n<\/blockquote>\n<p>Para dar mais fluidez \u00e0s provas e mais conforto aos corredores, os percursos de tr\u00eas das quatro dist\u00e2ncias passaram por melhorias. Apenas os 10 km mant\u00eam o mesmo tra\u00e7ado de 2023. A maratona, por exemplo, mudou nos primeiros 15 quil\u00f4metros na parte do Centro do Rio e o in\u00edcio do novo tra\u00e7ado \u00e9, em grande parte, o mesmo da Maratona Ol\u00edmpica de 2016. J\u00e1 a meia maratona teve a sua largada deslocada da esquina com a Rua Bartolomeu Mitre, no Leblon, para o Jardim de Alah, para comportar e dar mais conforto ao grande n\u00famero de inscritos. Os 5 km ganharam um trajeto completamente novo, mais largo e r\u00e1pido, todo entre o Museu de Arte Moderna (MAM) e a Pra\u00e7a Cuatemoc, no Flamengo.<\/p>\n<blockquote wp_automatic_readability=\"10\">\n<p>\u2013 A exuber\u00e2ncia natural, a mobiliza\u00e7\u00e3o da cidade e do poder p\u00fablico e as atra\u00e7\u00f5es art\u00edsticas ampliam a experi\u00eancia dos participantes \u2013 acredita Jued Andari, diretor de Esportes da Dream Factory, uma das organizadoras da Maratona.<\/p>\n<\/blockquote>\n<blockquote wp_automatic_readability=\"10\">\n<p>\u2013 Se contarmos os acompanhantes dos corredores, chegamos a 120 mil pessoas vivendo a Maratona do Rio \u2013 salienta Jo\u00e3o Traven, fundador da Maratona e s\u00f3cio da Spiridon, a outra organizadora do evento.<\/p>\n<\/blockquote>\n<p>Os corredores poder\u00e3o voltar para suas casas e hot\u00e9is pegando o metr\u00f4 de gra\u00e7a na esta\u00e7\u00e3o Gl\u00f3ria. Para isso, basta estar vestido com a camiseta da Maratona e pedir a libera\u00e7\u00e3o na catraca para um funcion\u00e1rio do Metr\u00f4Rio. Os hor\u00e1rios para usar esse benef\u00edcio ser\u00e3o os seguintes: na quinta-feira (30\/5), a partir das 17h;\u00a0 s\u00e1bado (1\u00ba\/6) e domingo (2\/6), a partir das 8h.<\/p>\n<p>A Maratona ser\u00e1 transmitida ao vivo pela ESPN 2 e pelo Star+, no streaming. A largada ser\u00e1 \u00e0s 5h. Para mais informa\u00e7\u00f5es, acesse o site maratonadorio.com.br.<\/p>\n<p>             <!-- Compartilhe ---><\/p>\n<p>\t\t\t <!-- TAGS --><\/p>\n<section class=\"category-tags\">\n<div class=\"marcacao-category\">\n<article class=\"category-post\">\n<p>Categoria: <\/p>\n<\/article>\n<li>29 de maio de 2024<\/li><\/div>\n<article class=\"tags\">\n\t\t\t\t\tMarca\u00e7\u00f5es: aterro do Flamengo Cidade Maravilhosa Corrida maratona Rio<br \/><\/article>\n<\/section>\n<p>            <!-- Mais Not&iacute;cias --><\/p>\n<p>\t\t<!-- Conte&uacute;do SIDEBAR --><\/p><\/div>\n<\/p><\/div>\n","protected":false},"excerpt":{"rendered":"<p>A maratona foi um sucesso no ano passado &#8211; Prefeitura do Rio Maior festival de&#8230;<\/p>\n","protected":false},"author":2,"featured_media":0,"comment_status":"open","ping_status":"open","sticky":false,"template":"","format":"standard","meta":{"footnotes":""},"categories":[],"tags":[],"class_list":["post-9629","post","type-post","status-publish","format-standard","hentry"],"amp_enabled":true,"_links":{"self":[{"href":"https:\/\/ipatingafc.com.br\/index.php\/wp-json\/wp\/v2\/posts\/9629","targetHints":{"allow":["GET"]}}],"collection":[{"href":"https:\/\/ipatingafc.com.br\/index.php\/wp-json\/wp\/v2\/posts"}],"about":[{"href":"https:\/\/ipatingafc.com.br\/index.php\/wp-json\/wp\/v2\/types\/post"}],"author":[{"embeddable":true,"href":"https:\/\/ipatingafc.com.br\/index.php\/wp-json\/wp\/v2\/users\/2"}],"replies":[{"embeddable":true,"href":"https:\/\/ipatingafc.com.br\/index.php\/wp-json\/wp\/v2\/comments?post=9629"}],"version-history":[{"count":0,"href":"https:\/\/ipatingafc.com.br\/index.php\/wp-json\/wp\/v2\/posts\/9629\/revisions"}],"wp:attachment":[{"href":"https:\/\/ipatingafc.com.br\/index.php\/wp-json\/wp\/v2\/media?parent=9629"}],"wp:term":[{"taxonomy":"category","embeddable":true,"href":"https:\/\/ipatingafc.com.br\/index.php\/wp-json\/wp\/v2\/categories?post=9629"},{"taxonomy":"post_tag","embeddable":true,"href":"https:\/\/ipatingafc.com.br\/index.php\/wp-json\/wp\/v2\/tags?post=9629"}],"curies":[{"name":"wp","href":"https:\/\/api.w.org\/{rel}","templated":true}]}}