{"id":9646,"date":"2024-05-29T19:04:07","date_gmt":"2024-05-29T22:04:07","guid":{"rendered":"https:\/\/ipatingafc.com.br\/index.php\/2024\/05\/29\/qual-filme-vai-passar-sexta-31-05-na-globo-corujao-e-sessao-da-tarde\/"},"modified":"2024-05-29T19:04:07","modified_gmt":"2024-05-29T22:04:07","slug":"qual-filme-vai-passar-sexta-31-05-na-globo-corujao-e-sessao-da-tarde","status":"publish","type":"post","link":"https:\/\/ipatingafc.com.br\/index.php\/2024\/05\/29\/qual-filme-vai-passar-sexta-31-05-na-globo-corujao-e-sessao-da-tarde\/","title":{"rendered":"Qual filme vai passar Sexta (31\/05) na Globo? CORUJ\u00c3O E SESS\u00c3O DA TARDE"},"content":{"rendered":"<p><\/p>\n<div>\n<p>COnfira a programa\u00e7\u00e3o da Globo\u00a0 <strong>hoje, 31\/05\/<\/strong><strong>2024 e que horas come\u00e7am os filmes de hoje.\u00a0<\/strong><\/p>\n<p>Sexta-feira, 31\/05\/2024<\/p>\n<p>04:00 Hora Um<\/p>\n<p>06:00 Bom Dia Pra\u00e7a<\/p>\n<p>08:30 Bom Dia Brasil<\/p>\n<p>09:30 Encontro Com Patr\u00edcia Poeta<\/p>\n<p>10:35 Mais Voc\u00ea<\/p>\n<p>11:45 Pra\u00e7a TV \u2013 1\u00aa Edi\u00e7\u00e3o<\/p>\n<p>13:00 Globo Esporte<\/p>\n<p>13:25 Jornal Hoje<\/p>\n<p>14:45 Cheias de Charme<\/p>\n<p>15:25 Sess\u00e3o da Tarde \u2013 X-Men \u2013 O Filme<\/p>\n<p>17:10 Vale a Pena Ver de Novo \u2013 Alma G\u00eamea<\/p>\n<p>18:30 No Rancho Fundo<\/p>\n<p>19:15 Pra\u00e7a TV \u2013 2\u00aa Edi\u00e7\u00e3o<\/p>\n<p>19:45 Fam\u00edlia \u00e9 Tudo<\/p>\n<p>20:30 Jornal Nacional<\/p>\n<p>21:20 Renascer<\/p>\n<p>22:25 Globo Rep\u00f3rter<\/p>\n<p>23:15 Sess\u00e3o Globoplay \u2013 The Equalizer \u2013 A Protetora<\/p>\n<p>00:00 Jornal da Globo<\/p>\n<p>00:50 Conversa com Bial<\/p>\n<p>01:30 Fam\u00edlia \u00e9 Tudo<\/p>\n<p>02:10 Com\u00e9dia Na Madruga I<\/p>\n<p>02:55 Coruj\u00e3o I \u2013 O Nome da Morte<\/p>\n<h3>Destaques de Filmes na Globo para Sexta-feira, 31 de Maio de 2024<\/h3>\n<p>\u00a0<\/p>\n<p>Nesta sexta-feira, a Globo traz uma programa\u00e7\u00e3o cinematogr\u00e1fica imperd\u00edvel, com cl\u00e1ssicos do cinema mundial e grandes produ\u00e7\u00f5es nacionais. Prepare a pipoca e confira os destaques da Sess\u00e3o da Tarde e do Coruj\u00e3o I:<\/p>\n<p>\u00a0<\/p>\n<h4>Sess\u00e3o da Tarde \u2013 **X-Men**<\/h4>\n<p>\u00a0<\/p>\n<p>\u2013 **Hor\u00e1rio**: 15:25<\/p>\n<p>\u2013 **T\u00edtulo Original**: X-Men<\/p>\n<p>\u2013 **Pa\u00eds de Origem**: Estados Unidos<\/p>\n<p>\u2013 **Ano de Produ\u00e7\u00e3o**: 2000<\/p>\n<p>\u2013 **Diretor**: Bryan Singer<\/p>\n<p>\u2013 **Elenco**: Patrick Stewart, Ian McKellen, Famke Janssen, James Marsden, Hugh Jackman, Anna Paquin<\/p>\n<p>\u2013 **G\u00eanero**: Aventura<\/p>\n<p>\u00a0<\/p>\n<p>**Sinopse**: Em um mundo onde seres humanos com habilidades especiais, conhecidos como mutantes, est\u00e3o divididos entre a coexist\u00eancia pac\u00edfica e a domina\u00e7\u00e3o global, o Professor Xavier (Patrick Stewart) lidera um grupo de mutantes que busca impedir a guerra iminente. Com a ajuda de her\u00f3is como Wolverine (Hugh Jackman), Ciclope (James Marsden), Jean Grey (Famke Janssen) e Tempestade (Halle Berry), Xavier enfrenta a amea\u00e7a representada por Magneto (Ian McKellen), um mutante que acredita que a guerra contra a humanidade \u00e9 inevit\u00e1vel.<\/p>\n<p>\u00a0<\/p>\n<p>**Destaques**: \u201cX-Men\u201d \u00e9 um marco no g\u00eanero de super-her\u00f3is, introduzindo personagens ic\u00f4nicos e efeitos visuais inovadores que cativaram o p\u00fablico mundial. O filme \u00e9 a adapta\u00e7\u00e3o das populares hist\u00f3rias em quadrinhos da Marvel e deu in\u00edcio a uma das franquias mais bem-sucedidas do cinema.<\/p>\n<p>\u00a0<\/p>\n<h4>Coruj\u00e3o I \u2013 **O Nome da Morte**<\/h4>\n<p>\u00a0<\/p>\n<p>\u2013 **Hor\u00e1rio**: 02:55<\/p>\n<p>\u2013 **T\u00edtulo Original**: O Nome da Morte<\/p>\n<p>\u2013 **Pa\u00eds de Origem**: Brasil<\/p>\n<p>\u2013 **Ano de Produ\u00e7\u00e3o**: 2017<\/p>\n<p>\u2013 **Diretor**: Henrique Goldman<\/p>\n<p>\u2013 **Elenco**: Andr\u00e9 Mattos, Marco Pigossi, Fabiula Nascimento, Matheus Nachtergaele<\/p>\n<p>\u2013 **G\u00eanero**: Drama<\/p>\n<p>\u00a0<\/p>\n<p>**Sinopse**: Baseado em uma hist\u00f3ria real, \u201cO Nome da Morte\u201d narra a vida de J\u00falio Santana (Marco Pigossi), um homem que leva uma vida dupla. Para sua fam\u00edlia, ele \u00e9 um cidad\u00e3o exemplar, mas na verdade, ele \u00e9 um assassino profissional que j\u00e1 tirou a vida de mais de 500 pessoas. O filme explora as complexidades morais e psicol\u00f3gicas de J\u00falio, \u00e0 medida que ele lida com os efeitos de suas a\u00e7\u00f5es em sua vida pessoal.<\/p>\n<p>\u00a0<\/p>\n<p>**Destaques**: Este drama intenso e perturbador \u00e9 um dos filmes mais impactantes do cinema brasileiro recente. Com performances marcantes de Marco Pigossi e Fabiula Nascimento, \u201cO Nome da Morte\u201d oferece uma vis\u00e3o profunda sobre a vida de um homem que vive \u00e0 margem da lei, mas que busca reden\u00e7\u00e3o e compreens\u00e3o de seu pr\u00f3prio destino.<\/p>\n<p>\u00a0<\/p>\n<h3>Conclus\u00e3o<\/h3>\n<p>\u00a0<\/p>\n<p>A Globo preparou uma sexta-feira recheada de emo\u00e7\u00f5es fortes e hist\u00f3rias cativantes. Seja acompanhando a luta \u00e9pica dos mutantes em \u201cX-Men\u201d ou mergulhando no sombrio mundo de J\u00falio Santana em \u201cO Nome da Morte\u201d, os telespectadores ter\u00e3o entretenimento garantido com essas duas produ\u00e7\u00f5es de peso. N\u00e3o perca!<\/p>\n<\/div>\n","protected":false},"excerpt":{"rendered":"<p>COnfira a programa\u00e7\u00e3o da Globo\u00a0 hoje, 31\/05\/2024 e que horas come\u00e7am os filmes de hoje.\u00a0&#8230;<\/p>\n","protected":false},"author":2,"featured_media":0,"comment_status":"open","ping_status":"open","sticky":false,"template":"","format":"standard","meta":{"footnotes":""},"categories":[2],"tags":[],"class_list":["post-9646","post","type-post","status-publish","format-standard","hentry","category-jogos-ao-vivo"],"amp_enabled":true,"_links":{"self":[{"href":"https:\/\/ipatingafc.com.br\/index.php\/wp-json\/wp\/v2\/posts\/9646","targetHints":{"allow":["GET"]}}],"collection":[{"href":"https:\/\/ipatingafc.com.br\/index.php\/wp-json\/wp\/v2\/posts"}],"about":[{"href":"https:\/\/ipatingafc.com.br\/index.php\/wp-json\/wp\/v2\/types\/post"}],"author":[{"embeddable":true,"href":"https:\/\/ipatingafc.com.br\/index.php\/wp-json\/wp\/v2\/users\/2"}],"replies":[{"embeddable":true,"href":"https:\/\/ipatingafc.com.br\/index.php\/wp-json\/wp\/v2\/comments?post=9646"}],"version-history":[{"count":0,"href":"https:\/\/ipatingafc.com.br\/index.php\/wp-json\/wp\/v2\/posts\/9646\/revisions"}],"wp:attachment":[{"href":"https:\/\/ipatingafc.com.br\/index.php\/wp-json\/wp\/v2\/media?parent=9646"}],"wp:term":[{"taxonomy":"category","embeddable":true,"href":"https:\/\/ipatingafc.com.br\/index.php\/wp-json\/wp\/v2\/categories?post=9646"},{"taxonomy":"post_tag","embeddable":true,"href":"https:\/\/ipatingafc.com.br\/index.php\/wp-json\/wp\/v2\/tags?post=9646"}],"curies":[{"name":"wp","href":"https:\/\/api.w.org\/{rel}","templated":true}]}}