{"id":9651,"date":"2024-05-29T21:26:46","date_gmt":"2024-05-30T00:26:46","guid":{"rendered":"https:\/\/ipatingafc.com.br\/index.php\/2024\/05\/29\/a-partir-de-hoje-encerram-se-as-atividades-do-ambulatorio-da-dengue-prefeitura-estancia-turistica-guaratingueta\/"},"modified":"2024-05-29T21:26:46","modified_gmt":"2024-05-30T00:26:46","slug":"a-partir-de-hoje-encerram-se-as-atividades-do-ambulatorio-da-dengue-prefeitura-estancia-turistica-guaratingueta","status":"publish","type":"post","link":"https:\/\/ipatingafc.com.br\/index.php\/2024\/05\/29\/a-partir-de-hoje-encerram-se-as-atividades-do-ambulatorio-da-dengue-prefeitura-estancia-turistica-guaratingueta\/","title":{"rendered":"A partir de hoje encerram-se as atividades do ambulat\u00f3rio da dengue \u2013 Prefeitura Est\u00e2ncia Tur\u00edstica Guaratinguet\u00e1"},"content":{"rendered":"<p><\/p>\n<div>\n<p>Informamos que a partir desta quarta-feira (29), encerraram-se as atividades do Ambulat\u00f3rio da Dengue.<\/p>\n<p>Este foi o \u00faltimo dia de funcionamento da unidade devido \u00e0 diminui\u00e7\u00e3o no atendimento. A partir de agora, em casos graves, solicitamos que procurem a Unidade de Pronto Atendimento (UPA). J\u00e1 para casos leves, recomendamos que busquem atendimento nas unidades de sa\u00fade mais pr\u00f3ximas.<\/p>\n<p>Agradecemos a compreens\u00e3o de todos e refor\u00e7amos a import\u00e2ncia de seguir as orienta\u00e7\u00f5es acima para garantir o melhor atendimento \u00e0 popula\u00e7\u00e3o.<\/p>\n<\/p><\/div>\n","protected":false},"excerpt":{"rendered":"<p>Informamos que a partir desta quarta-feira (29), encerraram-se as atividades do Ambulat\u00f3rio da Dengue. Este&#8230;<\/p>\n","protected":false},"author":2,"featured_media":0,"comment_status":"open","ping_status":"open","sticky":false,"template":"","format":"standard","meta":{"footnotes":""},"categories":[],"tags":[],"class_list":["post-9651","post","type-post","status-publish","format-standard","hentry"],"amp_enabled":true,"_links":{"self":[{"href":"https:\/\/ipatingafc.com.br\/index.php\/wp-json\/wp\/v2\/posts\/9651","targetHints":{"allow":["GET"]}}],"collection":[{"href":"https:\/\/ipatingafc.com.br\/index.php\/wp-json\/wp\/v2\/posts"}],"about":[{"href":"https:\/\/ipatingafc.com.br\/index.php\/wp-json\/wp\/v2\/types\/post"}],"author":[{"embeddable":true,"href":"https:\/\/ipatingafc.com.br\/index.php\/wp-json\/wp\/v2\/users\/2"}],"replies":[{"embeddable":true,"href":"https:\/\/ipatingafc.com.br\/index.php\/wp-json\/wp\/v2\/comments?post=9651"}],"version-history":[{"count":0,"href":"https:\/\/ipatingafc.com.br\/index.php\/wp-json\/wp\/v2\/posts\/9651\/revisions"}],"wp:attachment":[{"href":"https:\/\/ipatingafc.com.br\/index.php\/wp-json\/wp\/v2\/media?parent=9651"}],"wp:term":[{"taxonomy":"category","embeddable":true,"href":"https:\/\/ipatingafc.com.br\/index.php\/wp-json\/wp\/v2\/categories?post=9651"},{"taxonomy":"post_tag","embeddable":true,"href":"https:\/\/ipatingafc.com.br\/index.php\/wp-json\/wp\/v2\/tags?post=9651"}],"curies":[{"name":"wp","href":"https:\/\/api.w.org\/{rel}","templated":true}]}}