{"id":9677,"date":"2024-05-30T13:29:09","date_gmt":"2024-05-30T16:29:09","guid":{"rendered":"https:\/\/ipatingafc.com.br\/index.php\/2024\/05\/30\/municipio-do-rio-lanca-campanha-contra-o-cigarro-eletronico-prefeitura-da-cidade-do-rio-de-janeiro\/"},"modified":"2024-05-30T13:29:09","modified_gmt":"2024-05-30T16:29:09","slug":"municipio-do-rio-lanca-campanha-contra-o-cigarro-eletronico-prefeitura-da-cidade-do-rio-de-janeiro","status":"publish","type":"post","link":"https:\/\/ipatingafc.com.br\/index.php\/2024\/05\/30\/municipio-do-rio-lanca-campanha-contra-o-cigarro-eletronico-prefeitura-da-cidade-do-rio-de-janeiro\/","title":{"rendered":"Munic\u00edpio do Rio lan\u00e7a campanha contra o cigarro eletr\u00f4nico &#8211; Prefeitura da Cidade do Rio de Janeiro"},"content":{"rendered":"<p><\/p>\n<div id=\"main\">\n<div class=\"wrapper-breadcrumbs\" wp_automatic_readability=\"74.698436617065\">\n<p>A Secretaria Municipal de Sa\u00fade (SMS) lan\u00e7ou a campanha \u201cCigarro eletr\u00f4nico em lugar nenhum, muito menos dentro de voc\u00ea\u201d, para marcar o Dia Mundial sem Tabaco, a ser celebrado nesta sexta-feira, dia 31 de maio. A campanha\u00a0 \u2013 que trata tanto das quest\u00f5es relativas \u00e0 legisla\u00e7\u00e3o quanto dos efeitos dos dispositivos eletr\u00f4nicos de fumar sobre a sa\u00fade \u2013 \u00e9 um dos resultados da participa\u00e7\u00e3o do munic\u00edpio do Rio na Parceria para Cidades Saud\u00e1veis (PHC, na sigla em ingl\u00eas), uma iniciativa global de mais de 70 cidades pela mitiga\u00e7\u00e3o de doen\u00e7as cr\u00f4nicas n\u00e3o transmiss\u00edveis. O programa tem a chancela da Organiza\u00e7\u00e3o Mundial da Sa\u00fade (OMS)<\/p>\n<p>Em v\u00eddeos e posts divulgados nas redes sociais da Secretaria Municipal de Sa\u00fade e em cartazes fixados em unidades de sa\u00fade e locais p\u00fablicos, a campanha busca desmistificar a ideia de que o cigarro eletr\u00f4nico faz menos mal do que os cigarros tradicionais de tabaco e de que n\u00e3o vicia. Pesquisas j\u00e1 realizadas em n\u00edvel mundial apontam que os dispositivos eletr\u00f4nicos de fumar liberam subst\u00e2ncias t\u00f3xicas que s\u00e3o cancer\u00edgenas ou aumentam o risco de doen\u00e7as card\u00edacas e pulmonares. E muitos usu\u00e1rios t\u00eam o primeiro contato com o dispositivo precocemente, na adolesc\u00eancia.<\/p>\n<blockquote wp_automatic_readability=\"9\">\n<p>\u2013 Essa \u00e9 uma campanha muito relevante e estamos felizes de ter o apoio da OMS nesta a\u00e7\u00e3o. Nosso objetivo \u00e9 conscientizar as pessoas sobre os efeitos do fumo e do uso do cigarro eletr\u00f4nico. A popula\u00e7\u00e3o precisa estar corretamente informada para evitar os malef\u00edcios \u00e0 sa\u00fade que tanto o tabaco quanto esses dispositivos eletr\u00f4nicos podem causar \u2013 disse o secret\u00e1rio municipal de Sa\u00fade, Daniel Soranz.<\/p>\n<\/blockquote>\n<p>Um dos v\u00eddeos da campanha tem a participa\u00e7\u00e3o da influencer Manuela Cit, com mais de 1,6 milh\u00e3o de seguidores do Tiktok (@manuelacit) e 1,4 milh\u00e3o no Instagram (@manucitdaily). A jovem, de 20 anos, faz um depoimento forte contando sua experi\u00eancia com o cigarro eletr\u00f4nico, que come\u00e7ou a usar quando tinha cerca de 12 anos. O uso prolongado do dispositivo come\u00e7ou a afetar sua sa\u00fade, causando falta de ar, pontadas no peito, dificuldade para realizar atividades f\u00edsicas e de concentra\u00e7\u00e3o, e a afastou do seu sonho de passar para Medicina. Hoje a influenciadora mudou radicalmente de vida e inspira pessoas com o seu lifestyle saud\u00e1vel e ativo, al\u00e9m de cursar Medicina na UFRJ. O conte\u00fado ser\u00e1 publicado nas redes da influencer em colabora\u00e7\u00e3o com as redes da SMS no Dia Mundial sem Tabaco.<\/p>\n<p>Al\u00e9m do material gr\u00e1fico e de audiovisual divulgado, as unidades de Aten\u00e7\u00e3o Prim\u00e1ria do munic\u00edpio tamb\u00e9m aderem \u00e0 campanha desenvolvendo a\u00e7\u00f5es de conscientiza\u00e7\u00e3o com os usu\u00e1rios. As atividades visam alertar sobre os malef\u00edcios do fumo \u2013 incluindo os causados pelos cigarros eletr\u00f4nicos \u2013 e conscientizar a popula\u00e7\u00e3o para a ado\u00e7\u00e3o de h\u00e1bitos de vida mais saud\u00e1veis. Entre as atividades desenvolvidas est\u00e3o palestras, salas de espera, rodas de conversa, a\u00e7\u00f5es de sa\u00fade bucal, atividades f\u00edsicas e distribui\u00e7\u00e3o de informativos.<\/p>\n<p><strong>Programa de Controle do Tabagismo<\/strong><\/p>\n<p>A Secretaria Municipal de Sa\u00fade oferece assist\u00eancia para quem quer parar de fumar. O Programa de Controle do Tabagismo atua de forma transversal para promover a sa\u00fade da popula\u00e7\u00e3o a partir do est\u00edmulo \u00e0 ado\u00e7\u00e3o de h\u00e1bitos de vida mais saud\u00e1veis. Desde o in\u00edcio do ano, h\u00e1 1.500 pessoas em tratamento para deixar de fumar na rede municipal de sa\u00fade.<\/p>\n<p>O tratamento \u00e9 oferecido pela Aten\u00e7\u00e3o Prim\u00e1ria (cl\u00ednicas da fam\u00edlia e centros municipais de sa\u00fade) e conta com grupos de apoio, consultas individuais com m\u00e9dicos e com enfermeiros, dentistas e outros profissionais da sa\u00fade. As abordagens s\u00e3o individualizadas, seguindo a orienta\u00e7\u00e3o para cada caso, com aconselhamento, orienta\u00e7\u00f5es para situa\u00e7\u00f5es de abstin\u00eancia e, quando necess\u00e1rio, medicamentos para auxiliar a lidar com a s\u00edndrome de abstin\u00eancia \u00e0 nicotina. Fumantes que quiserem deixar o cigarro podem buscar ajuda na sua unidade de sa\u00fade de refer\u00eancia.<\/p>\n<p><strong>Sobre a parceria para cidades saud\u00e1veis<\/strong><\/p>\n<p>No ano passado, o Rio foi escolhido \u2013 junto a outras 12 cidades de diversos pa\u00edses \u2013 para a Aceleradora de Pol\u00edticas P\u00fablicas desenvolvida pela Vital Strategies, uma das organiza\u00e7\u00f5es que comp\u00f5em a iniciativa Parceria para Cidades Saud\u00e1veis. Os participantes da Aceleradora de Pol\u00edticas t\u00eam acesso a uma s\u00e9rie de treinamentos e interc\u00e2mbios colaborativos focados na tomada de decis\u00e3o baseada em dados, estrat\u00e9gia, comunica\u00e7\u00e3o estrat\u00e9gica e envolvimento das partes interessadas. O programa tamb\u00e9m integra recursos e conhecimentos da OMS.<\/p>\n<p>\u00a0<\/p>\n<p><img loading=\"lazy\" decoding=\"async\" class=\"wp-image-105838 aligncenter lazyload\" width=\"627\" src=\"https:\/\/prefeitura.rio\/wp-content\/uploads\/2024\/05\/WhatsApp-Image-2024-05-30-at-09.12.18-288x360.jpeg\" alt=\"\" height=\"784\" srcset=\"https:\/\/prefeitura.rio\/wp-content\/uploads\/2024\/05\/WhatsApp-Image-2024-05-30-at-09.12.18-288x360.jpeg 288w, https:\/\/prefeitura.rio\/wp-content\/uploads\/2024\/05\/WhatsApp-Image-2024-05-30-at-09.12.18-480x600.jpeg 480w, https:\/\/prefeitura.rio\/wp-content\/uploads\/2024\/05\/WhatsApp-Image-2024-05-30-at-09.12.18-768x960.jpeg 768w, https:\/\/prefeitura.rio\/wp-content\/uploads\/2024\/05\/WhatsApp-Image-2024-05-30-at-09.12.18.jpeg 1080w\" sizes=\"auto, (max-width: 627px) 100vw, 627px\"\/><\/p>\n<p>             <!-- Compartilhe ---><\/p>\n<p>\t\t\t <!-- TAGS --><\/p>\n<section class=\"category-tags\">\n<div class=\"marcacao-category\">\n<article class=\"category-post\">\n<p>Categoria: <\/p>\n<\/article>\n<li>30 de maio de 2024<\/li><\/div>\n<article class=\"tags\">\n\t\t\t\t\tMarca\u00e7\u00f5es: campanha cigarro eletr\u00f4nico Dia Mundial sem Tabaco OMS<br \/><\/article>\n<\/section>\n<p>            <!-- Mais Not&iacute;cias --><\/p>\n<p>\t\t<!-- Conte&uacute;do SIDEBAR --><\/p><\/div>\n<\/p><\/div>\n","protected":false},"excerpt":{"rendered":"<p>A Secretaria Municipal de Sa\u00fade (SMS) lan\u00e7ou a campanha \u201cCigarro eletr\u00f4nico em lugar nenhum, muito&#8230;<\/p>\n","protected":false},"author":2,"featured_media":0,"comment_status":"open","ping_status":"open","sticky":false,"template":"","format":"standard","meta":{"footnotes":""},"categories":[],"tags":[],"class_list":["post-9677","post","type-post","status-publish","format-standard","hentry"],"amp_enabled":true,"_links":{"self":[{"href":"https:\/\/ipatingafc.com.br\/index.php\/wp-json\/wp\/v2\/posts\/9677","targetHints":{"allow":["GET"]}}],"collection":[{"href":"https:\/\/ipatingafc.com.br\/index.php\/wp-json\/wp\/v2\/posts"}],"about":[{"href":"https:\/\/ipatingafc.com.br\/index.php\/wp-json\/wp\/v2\/types\/post"}],"author":[{"embeddable":true,"href":"https:\/\/ipatingafc.com.br\/index.php\/wp-json\/wp\/v2\/users\/2"}],"replies":[{"embeddable":true,"href":"https:\/\/ipatingafc.com.br\/index.php\/wp-json\/wp\/v2\/comments?post=9677"}],"version-history":[{"count":0,"href":"https:\/\/ipatingafc.com.br\/index.php\/wp-json\/wp\/v2\/posts\/9677\/revisions"}],"wp:attachment":[{"href":"https:\/\/ipatingafc.com.br\/index.php\/wp-json\/wp\/v2\/media?parent=9677"}],"wp:term":[{"taxonomy":"category","embeddable":true,"href":"https:\/\/ipatingafc.com.br\/index.php\/wp-json\/wp\/v2\/categories?post=9677"},{"taxonomy":"post_tag","embeddable":true,"href":"https:\/\/ipatingafc.com.br\/index.php\/wp-json\/wp\/v2\/tags?post=9677"}],"curies":[{"name":"wp","href":"https:\/\/api.w.org\/{rel}","templated":true}]}}