{"id":9681,"date":"2024-05-30T15:06:13","date_gmt":"2024-05-30T18:06:13","guid":{"rendered":"https:\/\/ipatingafc.com.br\/index.php\/2024\/05\/30\/agencia-minas-gerais-desafios-e-cooperacao-marcam-primeira-semana-de-trabalhos-da-policia-civil-em-missao-no-rio-grande-do-sul\/"},"modified":"2024-05-30T15:06:13","modified_gmt":"2024-05-30T18:06:13","slug":"agencia-minas-gerais-desafios-e-cooperacao-marcam-primeira-semana-de-trabalhos-da-policia-civil-em-missao-no-rio-grande-do-sul","status":"publish","type":"post","link":"https:\/\/ipatingafc.com.br\/index.php\/2024\/05\/30\/agencia-minas-gerais-desafios-e-cooperacao-marcam-primeira-semana-de-trabalhos-da-policia-civil-em-missao-no-rio-grande-do-sul\/","title":{"rendered":"Ag\u00eancia Minas Gerais | Desafios e coopera\u00e7\u00e3o marcam primeira semana de trabalhos da Pol\u00edcia Civil em miss\u00e3o no Rio Grande do Sul\u00a0"},"content":{"rendered":"<p><\/p>\n<div>\n<p>Movidas pelo esp\u00edrito de solidariedade e coopera\u00e7\u00e3o, as equipes da Pol\u00edcia Civil de Minas Gerais (PCMG) atuam em apoio a a\u00e7\u00f5es de seguran\u00e7a e atendimento \u00e0 popula\u00e7\u00e3o das \u00e1reas mais afetadas pelas enchentes que atingem o Rio Grande do Sul (RS). Resgates, entrega de doa\u00e7\u00f5es e escolta de ve\u00edculos com donativos est\u00e3o entre os servi\u00e7os prestados na miss\u00e3o. \u00a0<\/p>\n<p>A equipe iniciou os trabalhos na ter\u00e7a-feira (21\/5). \u00a0Eles est\u00e3o auxiliando tamb\u00e9m em rondas de seguran\u00e7a, abordagens em situa\u00e7\u00f5es suspeitas e patrulhas fluviais nas regi\u00f5es mais afetadas.\u00a0<\/p>\n<p>Mesmo diante de dificuldades de acesso em alguns pontos e regi\u00f5es sem ilumina\u00e7\u00e3o ou abastecimento de \u00e1gua, os esfor\u00e7os s\u00e3o cont\u00ednuos para garantir assist\u00eancia aos moradores.\u00a0<\/p>\n<p>Para tanto, os policiais mineiros atuam de forma integrada com a Pol\u00edcia Civil do Rio Grande do Sul (PCRS) e a Patrulha Ambiental da Brigada Militar (Patram), e tamb\u00e9m com pol\u00edcias civis de outros estados, como Paran\u00e1, Santa Catarina e do Amazonas.\u00a0<\/p>\n<p><strong>Unidos pelo RS<\/strong><\/p>\n<p>Porto Alegre foi atingida novamente por fortes chuvas na \u00faltima semana resultando em alagamentos em alguns pontos da cidade.\u00a0<\/p>\n<p>Diante desse cen\u00e1rio, juntamente, policiais civis de Minas e do Rio Grande do Sul, bombeiros do M\u00e9xico, da Argentina, do Peru e do Amazonas, al\u00e9m de equipes do Rio de Janeiro, resgataram 40 ind\u00edgenas e 30 animais na Aldeia do Lami.\u00a0<\/p>\n<p>J\u00e1 na regi\u00e3o do bairro Restinga, extremo Sul da capital ga\u00facha, para evitar eventuais saques, as equipes da PCMG auxiliaram na escolta de duas carretas, com aproximadamente 50 toneladas de doa\u00e7\u00f5es, at\u00e9 um ponto de triagem. No endere\u00e7o, foi feita a seguran\u00e7a at\u00e9 que todo o material fosse descarregado e acondicionado.\u00a0<\/p>\n<p>Ainda em Porto Alegre, os policiais mineiros observaram a escassez de suprimentos b\u00e1sicos na \u00e1rea rural.\u00a0<\/p>\n<p>Eles visitaram reservas ind\u00edgenas e mapearam aldeias, onde foram entregues cestas b\u00e1sicas, itens de higiene pessoal, fraldas, roupas e garrafas de \u00e1gua.\u00a0<\/p>\n<p>Para a seguran\u00e7a, as equipes tamb\u00e9m estiveram em abrigos da capital e outros munic\u00edpios, onde est\u00e3o acolhidos pessoas e animais, e em uma igreja, na qual volunt\u00e1rios arrecadam e separam itens doados.\u00a0<\/p>\n<\/p><\/div>\n","protected":false},"excerpt":{"rendered":"<p>Movidas pelo esp\u00edrito de solidariedade e coopera\u00e7\u00e3o, as equipes da Pol\u00edcia Civil de Minas Gerais&#8230;<\/p>\n","protected":false},"author":2,"featured_media":0,"comment_status":"open","ping_status":"open","sticky":false,"template":"","format":"standard","meta":{"footnotes":""},"categories":[],"tags":[],"class_list":["post-9681","post","type-post","status-publish","format-standard","hentry"],"amp_enabled":true,"_links":{"self":[{"href":"https:\/\/ipatingafc.com.br\/index.php\/wp-json\/wp\/v2\/posts\/9681","targetHints":{"allow":["GET"]}}],"collection":[{"href":"https:\/\/ipatingafc.com.br\/index.php\/wp-json\/wp\/v2\/posts"}],"about":[{"href":"https:\/\/ipatingafc.com.br\/index.php\/wp-json\/wp\/v2\/types\/post"}],"author":[{"embeddable":true,"href":"https:\/\/ipatingafc.com.br\/index.php\/wp-json\/wp\/v2\/users\/2"}],"replies":[{"embeddable":true,"href":"https:\/\/ipatingafc.com.br\/index.php\/wp-json\/wp\/v2\/comments?post=9681"}],"version-history":[{"count":0,"href":"https:\/\/ipatingafc.com.br\/index.php\/wp-json\/wp\/v2\/posts\/9681\/revisions"}],"wp:attachment":[{"href":"https:\/\/ipatingafc.com.br\/index.php\/wp-json\/wp\/v2\/media?parent=9681"}],"wp:term":[{"taxonomy":"category","embeddable":true,"href":"https:\/\/ipatingafc.com.br\/index.php\/wp-json\/wp\/v2\/categories?post=9681"},{"taxonomy":"post_tag","embeddable":true,"href":"https:\/\/ipatingafc.com.br\/index.php\/wp-json\/wp\/v2\/tags?post=9681"}],"curies":[{"name":"wp","href":"https:\/\/api.w.org\/{rel}","templated":true}]}}