{"id":9683,"date":"2024-05-30T16:59:34","date_gmt":"2024-05-30T19:59:34","guid":{"rendered":"https:\/\/ipatingafc.com.br\/index.php\/2024\/05\/30\/humanizacao-inverno-acolhe-33-pessoas-em-situacao-de-rua-nesta-quarta-feira-29-agencia-de-noticias\/"},"modified":"2024-05-30T16:59:34","modified_gmt":"2024-05-30T19:59:34","slug":"humanizacao-inverno-acolhe-33-pessoas-em-situacao-de-rua-nesta-quarta-feira-29-agencia-de-noticias","status":"publish","type":"post","link":"https:\/\/ipatingafc.com.br\/index.php\/2024\/05\/30\/humanizacao-inverno-acolhe-33-pessoas-em-situacao-de-rua-nesta-quarta-feira-29-agencia-de-noticias\/","title":{"rendered":"\u201cHumanizA\u00e7\u00e3o Inverno\u201d acolhe 33 pessoas em situa\u00e7\u00e3o de rua nesta quarta-feira (29) \u2013 Ag\u00eancia de Not\u00edcias"},"content":{"rendered":"<p><\/p>\n<div>\n<p><img loading=\"lazy\" decoding=\"async\" class=\"aligncenter wp-image-133036 size-large\" src=\"http:\/\/noticias.sorocaba.sp.gov.br\/wp-content\/uploads\/2024\/03\/noticias.sorocaba.sp.gov.br-humanizacao-acolhe-26-pessoas-em-situacao-de-rua-nesta-quinta-feira-7-1-1024x683.jpg\" alt=\"\" width=\"1024\" height=\"683\" srcset=\"https:\/\/noticias.sorocaba.sp.gov.br\/wp-content\/uploads\/2024\/03\/noticias.sorocaba.sp.gov.br-humanizacao-acolhe-26-pessoas-em-situacao-de-rua-nesta-quinta-feira-7-1.jpg 1024w, https:\/\/noticias.sorocaba.sp.gov.br\/wp-content\/uploads\/2024\/03\/noticias.sorocaba.sp.gov.br-humanizacao-acolhe-26-pessoas-em-situacao-de-rua-nesta-quinta-feira-7-1-300x200.jpg 300w, https:\/\/noticias.sorocaba.sp.gov.br\/wp-content\/uploads\/2024\/03\/noticias.sorocaba.sp.gov.br-humanizacao-acolhe-26-pessoas-em-situacao-de-rua-nesta-quinta-feira-7-1-768x512.jpg 768w\" sizes=\"auto, (max-width: 1024px) 100vw, 1024px\"\/><\/p>\n<p>Nesta quarta-feira (29), os profissionais do programa \u201cHumanizA\u00e7\u00e3o Inverno\u201d realizaram atendimentos a 78 pessoas em situa\u00e7\u00e3o de rua, em diferentes pontos da cidade. Dessas, 33 aceitaram receber acolhimento no Servi\u00e7o de Obras Sociais (SOS), onde s\u00e3o disponibilizados, al\u00e9m do pernoite, alimenta\u00e7\u00e3o completa, roupas e toalhas, banho e cuidados de higiene. Al\u00e9m de servi\u00e7os em sa\u00fade, sempre que necess\u00e1rio.<\/p>\n<p>O \u201cHumanizA\u00e7\u00e3o Inverno\u201d \u00e9 realizado de forma integrada por equipes da Secretaria do Gabinete Central (SGC), Secretaria de Seguran\u00e7a Urbana (Sesu), Secretaria da Cidadania (Secid), com sua Coordenadoria de \u00c1lcool e Outras Drogas junto \u00e0 Divis\u00e3o de Pol\u00edtica para Pessoas em Situa\u00e7\u00e3o de Rua, al\u00e9m da Secretaria da Sa\u00fade (SES). Tamb\u00e9m conta com o importante aux\u00edlio da Guarda Civil Municipal (GCM), Secretaria de Rela\u00e7\u00f5es do Trabalho e Qualifica\u00e7\u00e3o Profissional (Sert), Secretaria de Servi\u00e7os P\u00fablicos e Obras (Serpo), Secretaria de Mobilidade (Semob) e Urbes \u2013 Tr\u00e2nsito e Transportes.<\/p>\n<p>As equipes do programa percorreram os seguintes endere\u00e7os: Pra\u00e7a da Bandeira, pra\u00e7a do Jardim Zulmira, Rua Humberto de Campos, Rua Rosa Maria de Oliveira, Rua Doutor Am\u00e9rico Figueiredo, Avenida Victor Andrew, Par\u00f3quia S\u00e3o Francisco de Assis, Rua da Gl\u00f3ria, Rua Theodora Constantino Duarte, Rua Serafina Milego Latorre, Avenida Armando Pannunzio, Rua Rosa Martinez Sanches, Rua Jo\u00e3o Ferreira da Silva, Rua Manoel de Camargo Sampaio, Avenida General Carneiro, Rua Manoel Lopes, Rua Jonas Ferraz, Pra\u00e7a Coronel Fernando Prestes, Avenida S\u00e3o Paulo, Ponte da Drury`s, Ponte Salom\u00e3o Pavlovisk, Pra\u00e7a M\u00e3e Preta, Rua Coronel Nogueira Padilha, Pra\u00e7a do Bombeiro, Rua Xavier de Toledo, Rua Jo\u00e3o Pensa, Rua Salvador Correa, Rua Santa Clara, Avenida Moreira C\u00e9sar, Alameda das Verbenas, Rua Morvan Dias Figueiredo, Avenida Antonio Carlos Comitre, Rua Dante Catuzo, Avenida Juscelino Kubitschek de Oliveira, Rua Thales de Tate, Rua Joaquim Gon\u00e7alves Pacheco, Rua S\u00f4nia Bernuncio, Rua Marc\u00edlio Dias, Rua Doutor Fernando Soares Fernandes, al\u00e9m de imedia\u00e7\u00f5es da Rodovi\u00e1ria, Terminal S\u00e3o Paulo, UPH Zona Oeste, Escola Municipal \u201cMatheus Maylaski\u201d, Casa do Cidad\u00e3o Nogueira Padilha, Caps Roda Viva, Caps Alegria de Viver e Clube do Idoso.<\/p>\n<p>A popula\u00e7\u00e3o pode sempre colaborar com o programa, informando os locais da cidade onde haja pessoas em situa\u00e7\u00e3o de rua necessitando de cuidados e acolhimento, assim como doando roupas, cobertores e alimentos. O contato pode ser feito pelo WhatsApp: (15) 99666-2636, que pode ser acessado 24h por dia, ou pelos telefones: (15) 3229-0777, do SOS; (15) 3212-6900, da Secretaria da Cidadania e 153, da GCM.<\/p>\n<\/p><\/div>\n","protected":false},"excerpt":{"rendered":"<p>Nesta quarta-feira (29), os profissionais do programa \u201cHumanizA\u00e7\u00e3o Inverno\u201d realizaram atendimentos a 78 pessoas em&#8230;<\/p>\n","protected":false},"author":2,"featured_media":0,"comment_status":"open","ping_status":"open","sticky":false,"template":"","format":"standard","meta":{"footnotes":""},"categories":[],"tags":[],"class_list":["post-9683","post","type-post","status-publish","format-standard","hentry"],"amp_enabled":true,"_links":{"self":[{"href":"https:\/\/ipatingafc.com.br\/index.php\/wp-json\/wp\/v2\/posts\/9683","targetHints":{"allow":["GET"]}}],"collection":[{"href":"https:\/\/ipatingafc.com.br\/index.php\/wp-json\/wp\/v2\/posts"}],"about":[{"href":"https:\/\/ipatingafc.com.br\/index.php\/wp-json\/wp\/v2\/types\/post"}],"author":[{"embeddable":true,"href":"https:\/\/ipatingafc.com.br\/index.php\/wp-json\/wp\/v2\/users\/2"}],"replies":[{"embeddable":true,"href":"https:\/\/ipatingafc.com.br\/index.php\/wp-json\/wp\/v2\/comments?post=9683"}],"version-history":[{"count":0,"href":"https:\/\/ipatingafc.com.br\/index.php\/wp-json\/wp\/v2\/posts\/9683\/revisions"}],"wp:attachment":[{"href":"https:\/\/ipatingafc.com.br\/index.php\/wp-json\/wp\/v2\/media?parent=9683"}],"wp:term":[{"taxonomy":"category","embeddable":true,"href":"https:\/\/ipatingafc.com.br\/index.php\/wp-json\/wp\/v2\/categories?post=9683"},{"taxonomy":"post_tag","embeddable":true,"href":"https:\/\/ipatingafc.com.br\/index.php\/wp-json\/wp\/v2\/tags?post=9683"}],"curies":[{"name":"wp","href":"https:\/\/api.w.org\/{rel}","templated":true}]}}