{"id":9684,"date":"2024-05-30T17:47:17","date_gmt":"2024-05-30T20:47:17","guid":{"rendered":"https:\/\/ipatingafc.com.br\/index.php\/2024\/05\/30\/guardas-municipais-apreendem-adolescente-apos-flagrante-de-furto-no-entorno-do-maracana-prefeitura-da-cidade-do-rio-de-janeiro\/"},"modified":"2024-05-30T17:47:17","modified_gmt":"2024-05-30T20:47:17","slug":"guardas-municipais-apreendem-adolescente-apos-flagrante-de-furto-no-entorno-do-maracana-prefeitura-da-cidade-do-rio-de-janeiro","status":"publish","type":"post","link":"https:\/\/ipatingafc.com.br\/index.php\/2024\/05\/30\/guardas-municipais-apreendem-adolescente-apos-flagrante-de-furto-no-entorno-do-maracana-prefeitura-da-cidade-do-rio-de-janeiro\/","title":{"rendered":"Guardas municipais apreendem adolescente ap\u00f3s flagrante de furto no entorno do Maracan\u00e3 &#8211; Prefeitura da Cidade do Rio de Janeiro"},"content":{"rendered":"<p><\/p>\n<div id=\"main\">\n<div class=\"wrapper-breadcrumbs\" wp_automatic_readability=\"20.678294573643\">\n<p>Uma equipe do Grupamento de Guardas Motociclistas (GGM) apreenderam um adolescente de 13 anos, na noite de quarta-feira (29\/5), no entorno do Est\u00e1dio do Maracan\u00e3, pelo furto de um cord\u00e3o de ouro avaliado em nove mil reais de um torcedor. Os guardas estavam atuando na opera\u00e7\u00e3o da GM-Rio para o jogo entre Fluminense e Alianza, pela Libertadores.<\/p>\n<p>A a\u00e7\u00e3o aconteceu ap\u00f3s a partida. Os guardas foram acionados para intervir em um linchamento na Avenida S\u00e3o Francisco Xavier. Ao chegar ao local, os GMs atuaram para resguardar a integridade do adolescente, que estava sendo agredido com chutes, peda\u00e7os de madeira e outros objetos. O adolescente estava com o cord\u00e3o da v\u00edtima.<\/p>\n<p>Ap\u00f3s a apreens\u00e3o, ele foi conduzido para uma unidade de sa\u00fade, para receber atendimento m\u00e9dico, e em seguida para a 19\u00aa DP ( Tijuca), onde a ocorr\u00eancia foi registrada como ato infracional an\u00e1logo a furto.<\/p>\n<p>             <!-- Compartilhe ---><\/p>\n<p>\t\t\t <!-- TAGS --><\/p>\n<section class=\"category-tags\">\n<article class=\"tags\">\n\t\t\t\t\tMarca\u00e7\u00f5es: adolescente apreens\u00e3o furto Guarda Municipal<br \/><\/article>\n<\/section>\n<p>            <!-- Mais Not&iacute;cias --><\/p>\n<p>\t\t<!-- Conte&uacute;do SIDEBAR --><\/p><\/div>\n<\/p><\/div>\n","protected":false},"excerpt":{"rendered":"<p>Uma equipe do Grupamento de Guardas Motociclistas (GGM) apreenderam um adolescente de 13 anos, na&#8230;<\/p>\n","protected":false},"author":2,"featured_media":0,"comment_status":"open","ping_status":"open","sticky":false,"template":"","format":"standard","meta":{"footnotes":""},"categories":[],"tags":[],"class_list":["post-9684","post","type-post","status-publish","format-standard","hentry"],"amp_enabled":true,"_links":{"self":[{"href":"https:\/\/ipatingafc.com.br\/index.php\/wp-json\/wp\/v2\/posts\/9684","targetHints":{"allow":["GET"]}}],"collection":[{"href":"https:\/\/ipatingafc.com.br\/index.php\/wp-json\/wp\/v2\/posts"}],"about":[{"href":"https:\/\/ipatingafc.com.br\/index.php\/wp-json\/wp\/v2\/types\/post"}],"author":[{"embeddable":true,"href":"https:\/\/ipatingafc.com.br\/index.php\/wp-json\/wp\/v2\/users\/2"}],"replies":[{"embeddable":true,"href":"https:\/\/ipatingafc.com.br\/index.php\/wp-json\/wp\/v2\/comments?post=9684"}],"version-history":[{"count":0,"href":"https:\/\/ipatingafc.com.br\/index.php\/wp-json\/wp\/v2\/posts\/9684\/revisions"}],"wp:attachment":[{"href":"https:\/\/ipatingafc.com.br\/index.php\/wp-json\/wp\/v2\/media?parent=9684"}],"wp:term":[{"taxonomy":"category","embeddable":true,"href":"https:\/\/ipatingafc.com.br\/index.php\/wp-json\/wp\/v2\/categories?post=9684"},{"taxonomy":"post_tag","embeddable":true,"href":"https:\/\/ipatingafc.com.br\/index.php\/wp-json\/wp\/v2\/tags?post=9684"}],"curies":[{"name":"wp","href":"https:\/\/api.w.org\/{rel}","templated":true}]}}