{"id":9690,"date":"2024-05-30T22:19:34","date_gmt":"2024-05-31T01:19:34","guid":{"rendered":"https:\/\/ipatingafc.com.br\/index.php\/2024\/05\/30\/agencia-minas-gerais-secretaria-de-saude-e-mercado-de-biotecnologia-promovem-seminario-de-vigilancia-sanitaria-em-belo-horizonte\/"},"modified":"2024-05-30T22:19:34","modified_gmt":"2024-05-31T01:19:34","slug":"agencia-minas-gerais-secretaria-de-saude-e-mercado-de-biotecnologia-promovem-seminario-de-vigilancia-sanitaria-em-belo-horizonte","status":"publish","type":"post","link":"https:\/\/ipatingafc.com.br\/index.php\/2024\/05\/30\/agencia-minas-gerais-secretaria-de-saude-e-mercado-de-biotecnologia-promovem-seminario-de-vigilancia-sanitaria-em-belo-horizonte\/","title":{"rendered":"Ag\u00eancia Minas Gerais | Secretaria de Sa\u00fade e mercado de biotecnologia promovem semin\u00e1rio de vigil\u00e2ncia sanit\u00e1ria em Belo Horizonte"},"content":{"rendered":"<p><\/p>\n<div>\n<p>A Secretaria de Estado de Sa\u00fade de Minas Gerais (SES-MG) e a Associa\u00e7\u00e3o Nacional de Empresas de Biotecnologia e Ci\u00eancias da Vida (Anbiotec Brasil), promoveram, na quarta-feira (29\/5), no audit\u00f3rio da C\u00e2mara de Dirigentes Lojistas (CDL\/BH), em Belo Horizonte, Semin\u00e1rio Regulat\u00f3rio sobre Dispositivos M\u00e9dicos 2024.\u00a0<\/p>\n<p>O encontro \u00e9 direcionado aos inspetores da vigil\u00e2ncia sanit\u00e1ria estadual, representantes da Anvisa, l\u00edderes da ind\u00fastria mineira de produtos para sa\u00fade e biotecnologia e das \u00e1reas de regula\u00e7\u00e3o e qualidade das empresas.\u00a0<\/p>\n<p>O objetivo \u00e9 discutir pautas sanit\u00e1rias e regulat\u00f3rias, alinhando conhecimentos e diretrizes entre o Sistema Nacional de Vigil\u00e2ncia Sanit\u00e1ria e o setor regulado, para garantir \u00e0 popula\u00e7\u00e3o acesso a produtos e servi\u00e7os que sejam seguros, eficazes e com a m\u00e1xima qualidade.<\/p>\n<p>Para o subsecret\u00e1rio de Vigil\u00e2ncia em Sa\u00fade da SES-MG, Eduardo Prosdocimi, esses espa\u00e7os possibilitam di\u00e1logo franco e transparente entre o setor regulado e o setor que regula, na busca por um alinhamento de procedimentos que seja saud\u00e1vel do ponto de vista da sa\u00fade p\u00fablica, que impacta a vida do cidad\u00e3o, e o desenvolvimento econ\u00f4mico.\u00a0<\/p>\n<p>\u201c\u00c9 um di\u00e1logo que busca o aprimoramento das normas, atualiza\u00e7\u00e3o, desburocratiza\u00e7\u00e3o e inova\u00e7\u00e3o desses normativos. Buscamos um ambiente de desenvolvimento econ\u00f4mico saud\u00e1vel, mas com todo respeito \u00e0s normas de sa\u00fade p\u00fablica\u201d, destacou Prosdocimi.\u00a0<\/p>\n<p><strong>Biotecnologia<\/strong><\/p>\n<p>\u201cMinas Gerais \u00e9 muito forte no mercado de biotecnologia, temos mais de 170 empresas que lidam com produtos da sa\u00fade e estamos discutindo atualiza\u00e7\u00e3o de normas, que est\u00e3o no dia a dia do mercado produtivo e das pessoas&#8221;, explicou o subsecret\u00e1rio.\u00a0<\/p>\n<p>Prosdocimi detalhou que s\u00e3o normas de boas pr\u00e1ticas, de seguran\u00e7a, de fabrica\u00e7\u00e3o de produtos como medicamentos, cosm\u00e9ticos, testes cl\u00ednicos e outros produtos com biotecnologias. &#8220;Assim evoluirmos para atender cada vez melhor a nossa sociedade\u201d.<\/p>\n<p>Segundo Vanessa Silva da Silva, presidente-executiva da Anbiotec Brasil, o principal objetivo \u00e9 promover um debate produtivo, fortalecendo a cadeia de sa\u00fade e biotecnologia em Minas Gerais.\u00a0<\/p>\n<p>\u201cAo unir governo e ind\u00fastrias para uma discuss\u00e3o t\u00e9cnica sobre regula\u00e7\u00e3o, cria-se uma din\u00e2mica cont\u00ednua de atualiza\u00e7\u00e3o das instru\u00e7\u00f5es regulat\u00f3rias, permitindo que as empresas, bem como os inspetores, possam se antecipar e reduzir imprevistos e corrigir procedimentos com base nas atuais normativas da Anvisa&#8221;, salientou ela.<\/p>\n<p>O presidente da C\u00e2mara de Dirigentes Lojista de Belo Horizonte (CDL\/BH) e do Conselho Deliberativo do Sebrae Minas, Marcelo de Souza e Silva, refor\u00e7ou a import\u00e2ncia do encontro para o setor de dispositivos m\u00e9dicos, que vem crescendo a cada ano.\u00a0<\/p>\n<p>\u201cMomentos como esse possibilitam boas discuss\u00f5es que ir\u00e3o impactar positivamente o setor de dispositivos m\u00e9dicos\u201d, avaliou.<\/p>\n<p><strong>Mercado<\/strong><\/p>\n<p>\u201c\u00c9 uma \u00e1rea que alcan\u00e7ou resultados expressivos no ano passado e crescimento acima de 13% em rela\u00e7\u00e3o ao ano de 2022. O setor vem conquistando mercados estrat\u00e9gicos, com importa\u00e7\u00f5es para pa\u00edses como Estados Unidos, China, M\u00e9xico, Argentina e Emirado \u00c1rabes, proporcionando aos sistemas de sa\u00fade do mundo inteiro produtos de excel\u00eancia cada vez maior, fundamentais para diagnosticar, prevenir e tratar enfermidades\u201d, concluiu Silva.<\/p>\n<p>Os dispositivos m\u00e9dicos s\u00e3o produtos, instrumentos cir\u00fargicos, aparelhos, equipamentos, dispositivos m\u00e9dicos implant\u00e1veis, roupas, acess\u00f3rios, dispositivo m\u00e9dico para diagn\u00f3stico in vitro, software, material ou outro artigo que possuem uma finalidade m\u00e9dica e s\u00e3o utilizados para preven\u00e7\u00e3o, diagn\u00f3stico ou tratamento de uma doen\u00e7a ou enfermidade.<br \/>&#13;<br \/>\n<strong>\u00a0<br \/>&#13;<br \/>\nEncontro anual das vigil\u00e2ncias<\/strong><\/p>\n<p>A SES-MG tamb\u00e9m participou do 10\u00ba Encontro Anual com a Ag\u00eancia Nacional de Vigil\u00e2ncia Sanit\u00e1ria (Anvisa) e Sindicato das Ind\u00fastrias de Produtos Farmac\u00eauticos e Qu\u00edmicos para Fins Industriais no Estado de Minas Gerais (Sindusfarq), que ocorreu nos dias 28 e 29\/5, no Ouro Minas Palace Hotel, em Belo Horizonte.\u00a0<\/p>\n<p>O encontro tem o objetivo de contribuir para o aprimoramento de conhecimentos e a capacita\u00e7\u00e3o dos inspetores da Vigil\u00e2ncia Sanit\u00e1ria do estado. Al\u00e9m disso, busca o alinhamento de conceitos e de a\u00e7\u00f5es que possibilitem \u00e0s empresas cumprirem as boas pr\u00e1ticas de fabrica\u00e7\u00e3o.\u00a0<\/p>\n<p>Para Eduardo Prosdocimi, o evento configura um grande espa\u00e7o de troca de experi\u00eancias, de compartilhamento, de conhecimento entre os representantes da ind\u00fastria, Anvisa e Vigil\u00e2ncia Sanit\u00e1ria de Minas Gerais.\u00a0<\/p>\n<p>\u201c\u00c9 por meio desses espa\u00e7os que conseguimos construir, evoluir e entender que as normas podem ser atualizadas com o objetivo de termos um setor que busque o interesse da sa\u00fade p\u00fablica com todas as normas e seguran\u00e7as para entregar \u00e0 popula\u00e7\u00e3o produtos seguros, eficazes e com a m\u00e1xima qualidade\u201d, disse.<\/p>\n<p><strong>Papel da Vigil\u00e2ncia Sanit\u00e1ria<\/strong><\/p>\n<p>A Vigil\u00e2ncia Sanit\u00e1ria exerce papel fundamental no processo de fiscaliza\u00e7\u00e3o, regula\u00e7\u00e3o e monitoramento, atuando para garantir produtos e servi\u00e7os mais seguros para a popula\u00e7\u00e3o. Atua, com poder de pol\u00edcia, na regula\u00e7\u00e3o dos produtos, propagandas, ambientes, servi\u00e7os, procedimentos, processos e tecnologias que envolvam risco \u00e0 sa\u00fade. Est\u00e1 em todos os lugares, nos mercados, padarias, a\u00e7ougues, frigor\u00edficos, lanchonetes, restaurantes, bares, sal\u00f5es de beleza, sorveterias, clubes, hot\u00e9is e afins.\u00a0<\/p>\n<p>Ao comprar produtos de beleza ou alimentos, a verifica\u00e7\u00e3o das condi\u00e7\u00f5es do produto, o r\u00f3tulo, a data de vencimento e sua composi\u00e7\u00e3o \u00e9 realizada pela Vigil\u00e2ncia Sanit\u00e1ria. Nos a\u00e7ougues e supermercados, a Visa verifica as condi\u00e7\u00f5es de armazenamento e temperatura das carnes, al\u00e9m da origem desses produtos. Nas lanchonetes, restaurantes e padarias, \u00e9 realizada a verifica\u00e7\u00e3o das condi\u00e7\u00f5es de higiene do local, equipamentos e funcion\u00e1rios, al\u00e9m do armazenamento e manipula\u00e7\u00e3o dos alimentos utilizados, entre outros.<\/p>\n<\/p><\/div>\n","protected":false},"excerpt":{"rendered":"<p>A Secretaria de Estado de Sa\u00fade de Minas Gerais (SES-MG) e a Associa\u00e7\u00e3o Nacional de&#8230;<\/p>\n","protected":false},"author":2,"featured_media":0,"comment_status":"open","ping_status":"open","sticky":false,"template":"","format":"standard","meta":{"footnotes":""},"categories":[],"tags":[],"class_list":["post-9690","post","type-post","status-publish","format-standard","hentry"],"amp_enabled":true,"_links":{"self":[{"href":"https:\/\/ipatingafc.com.br\/index.php\/wp-json\/wp\/v2\/posts\/9690","targetHints":{"allow":["GET"]}}],"collection":[{"href":"https:\/\/ipatingafc.com.br\/index.php\/wp-json\/wp\/v2\/posts"}],"about":[{"href":"https:\/\/ipatingafc.com.br\/index.php\/wp-json\/wp\/v2\/types\/post"}],"author":[{"embeddable":true,"href":"https:\/\/ipatingafc.com.br\/index.php\/wp-json\/wp\/v2\/users\/2"}],"replies":[{"embeddable":true,"href":"https:\/\/ipatingafc.com.br\/index.php\/wp-json\/wp\/v2\/comments?post=9690"}],"version-history":[{"count":0,"href":"https:\/\/ipatingafc.com.br\/index.php\/wp-json\/wp\/v2\/posts\/9690\/revisions"}],"wp:attachment":[{"href":"https:\/\/ipatingafc.com.br\/index.php\/wp-json\/wp\/v2\/media?parent=9690"}],"wp:term":[{"taxonomy":"category","embeddable":true,"href":"https:\/\/ipatingafc.com.br\/index.php\/wp-json\/wp\/v2\/categories?post=9690"},{"taxonomy":"post_tag","embeddable":true,"href":"https:\/\/ipatingafc.com.br\/index.php\/wp-json\/wp\/v2\/tags?post=9690"}],"curies":[{"name":"wp","href":"https:\/\/api.w.org\/{rel}","templated":true}]}}